{"id":1232,"date":"2017-01-18T20:00:11","date_gmt":"2017-01-18T19:00:11","guid":{"rendered":"http:\/\/www.jennymainuyen.de\/?p=1232"},"modified":"2017-01-18T20:36:03","modified_gmt":"2017-01-18T19:36:03","slug":"der-buchdeckel-weil-alles-seine-oberflaeche-hat","status":"publish","type":"post","link":"http:\/\/www.jennymainuyen.de\/?p=1232","title":{"rendered":"Der Buchdeckel: weil alles seine Oberfl\u00e4che hat."},"content":{"rendered":"<p>B\u00fccher soll man nie nach ihrem Deckel beurteilen, sagt ein Sprichwort. Aber soll man Deckel beurteilen? Ja, bis aufs Blut!<\/p>\n<p>&#8220;Heartware&#8221;, mein neuer Roman, der Ende Juli 2017 erscheinen wird, ist so bedeckelt:<\/p>\n<p><img loading=\"lazy\" class=\"alignnone size-medium wp-image-1235 aligncenter\" src=\"http:\/\/www.jennymainuyen.de\/uploads\/Heartware-321x500.jpg\" alt=\"Heartware\" width=\"321\" height=\"500\" \/><\/p>\n<p>Weil die Geschichte ein Mischmasch aus Thriller, Liebesroman und Science Fiction ist, war die Frage nach dem passenden Cover denkbar schwer. Aus rechtlichen Gr\u00fcnden darf ich euch nicht die anderen Versionen zeigen, die die Grafikagentur vorgeschlug. Nur so viel: Es waren helle Anspielungen auf eine der bekanntesten Computerhersteller der Welt, was sehr klug und originell aussah, aber im Grunde wenig mit der Geschichte zu tun hatte. (Nicht, dass die Geschichte nicht klug und originell w\u00e4re! Ich rede mich um Kopf und Kragen.)<\/p>\n<p>Zugegeben, Schriftsteller finden nicht selten, dass die &#8211; im wahrsten Sinne des Wortes <em>einseitigen<\/em> &#8211; Cover hinter der Vielschichtigkeit der aus Schwei\u00df, Tr\u00e4nen und rasender Egomanie geborenen Schriftwerke zur\u00fcckbleiben, daher ist meine Meinung hier mit Vorsicht zu genie\u00dfen. Allerdings sehe ich ein, dass ein gutes Cover nicht die gesamte Handlung eines Romans in ein Bild pressen muss, sondern vielmehr dem potentiellen Leser vermitteln sollte, was ihn erwartet, wenn er sich auf die Lekt\u00fcre einl\u00e4sst. Wie vermittelt ein Bild nun ein Gebr\u00e4u aus Thriller, Liebesroman und Sci-Fi?<\/p>\n<p>Nun, die Antwort seht ihr oben. Ich finde es ganz elegant geraten und mag vor allem die funkelnde, schwebende Skyline. Was meint ihr? In einer Vorg\u00e4ngerversion war noch ein graues Herz in der Mitte, gegen das ich mich vehement zur Wehr setzte, weil es f\u00fcr mich nach Erotikroman oder zumindest nach Krimi im Escort-Millieu aussah&#8230;<\/p>\n<p>Ich m\u00e4kle wie einer, der meint, es besser zu wissen. In der Vergangenheit habe ich in der Tat immer wieder Cover f\u00fcr meine Romane entworfen. Keins davon wurde je von einem Verlag genommen. Nachvollziehbar, da die technische Umsetzung meiner Ideen eine gewisse St\u00fcmperhaftigkeit nie loswurde. Ich bin ja auch keine Grafikerin! Ich bin nicht mal sorgf\u00e4ltig. Am liebsten w\u00e4re mir gewesen, meine Entw\u00fcrfe h\u00e4tten den Profis der Agenturen als Vorlage gedient &#8230; Ein anma\u00dfender Wunsch, gewiss. Andererseits: Kann man etwas anderes als anma\u00dfend sein, wenn es um den eigenen Roman geht?<\/p>\n<p>Hier zwei grobe Entw\u00fcrfe zu fr\u00fcheren B\u00fcchern &#8211; &#8220;Feenlicht&#8221; und &#8220;Rabenmond&#8221;, das damals noch anders hie\u00df:<\/p>\n<p><img loading=\"lazy\" class=\"size-medium wp-image-1236 aligncenter\" src=\"http:\/\/www.jennymainuyen.de\/uploads\/final-face-figure2-500x294.jpg\" alt=\"final-face-figure2\" width=\"500\" height=\"294\" srcset=\"http:\/\/www.jennymainuyen.de\/uploads\/final-face-figure2-500x294.jpg 500w, http:\/\/www.jennymainuyen.de\/uploads\/final-face-figure2-768x451.jpg 768w, http:\/\/www.jennymainuyen.de\/uploads\/final-face-figure2-1024x601.jpg 1024w\" sizes=\"(max-width: 500px) 100vw, 500px\" \/><\/p>\n<p>Hier habe ich den Wald nahe M\u00fcnchen fotografiert, dazu eine Zeichnung und ein Foto von meinem eigenen Gesicht, das ich bis zur Unkenntlichkeit verzerrte. Ich hatte leider keinen anderen Menschen um mich, den ich daf\u00fcr h\u00e4tte hernehmen k\u00f6nnen. Einsame Zeiten.<\/p>\n<p><img loading=\"lazy\" class=\"size-medium wp-image-1237 aligncenter\" src=\"http:\/\/www.jennymainuyen.de\/uploads\/Rabenmond.cover3_-360x500.jpg\" alt=\"OLYMPUS DIGITAL CAMERA\" width=\"360\" height=\"500\" srcset=\"http:\/\/www.jennymainuyen.de\/uploads\/Rabenmond.cover3_-360x500.jpg 360w, http:\/\/www.jennymainuyen.de\/uploads\/Rabenmond.cover3_.jpg 737w\" sizes=\"(max-width: 360px) 100vw, 360px\" \/><\/p>\n<p>Ach ja. Damals hatte &#8220;Rabenmond&#8221; noch viele andere Namen.<\/p>\n<p>Auch bei &#8220;Heartware&#8221; habe ich die E-Mail-Postf\u00e4cher meiner Verlagsleute mit Bilddateien gespamt. Leider ohne Erfolg. Oder zum Gl\u00fcck? Vielleicht ist es ja gut, dass meine vorlauten Einmischungen ins Coverdesign folgenlos bleiben.<\/p>\n<p><img loading=\"lazy\" class=\"alignnone size-medium wp-image-1238 aligncenter\" src=\"http:\/\/www.jennymainuyen.de\/uploads\/CoverSchwarzGold-322x500.png\" alt=\"CoverSchwarzGold\" width=\"322\" height=\"500\" srcset=\"http:\/\/www.jennymainuyen.de\/uploads\/CoverSchwarzGold-322x500.png 322w, http:\/\/www.jennymainuyen.de\/uploads\/CoverSchwarzGold-768x1193.png 768w, http:\/\/www.jennymainuyen.de\/uploads\/CoverSchwarzGold-659x1024.png 659w\" sizes=\"(max-width: 322px) 100vw, 322px\" \/><\/p>\n<p>Die Idee war, eine Computerplatine in Gesichter und in eine Skyline \u00fcbergehen zu lassen. Wie man sieht. Und dann habe ich verschiedene Hintergrundfarben versucht. (Danke, Julian, dass du mir bei alldem geholfen hast!)<\/p>\n<p><img loading=\"lazy\" class=\"size-medium wp-image-1239 aligncenter\" src=\"http:\/\/www.jennymainuyen.de\/uploads\/CoverKupfer-322x500.png\" alt=\"CoverKupfer\" width=\"322\" height=\"500\" srcset=\"http:\/\/www.jennymainuyen.de\/uploads\/CoverKupfer-322x500.png 322w, http:\/\/www.jennymainuyen.de\/uploads\/CoverKupfer-768x1193.png 768w, http:\/\/www.jennymainuyen.de\/uploads\/CoverKupfer-659x1024.png 659w\" sizes=\"(max-width: 322px) 100vw, 322px\" \/><\/p>\n<p>&nbsp;<\/p>\n<p><img loading=\"lazy\" class=\"size-medium wp-image-1240 aligncenter\" src=\"http:\/\/www.jennymainuyen.de\/uploads\/CoverGr\u00fcn-322x500.png\" alt=\"CoverGr\u00fcn\" width=\"322\" height=\"500\" srcset=\"http:\/\/www.jennymainuyen.de\/uploads\/CoverGr\u00fcn-322x500.png 322w, http:\/\/www.jennymainuyen.de\/uploads\/CoverGr\u00fcn-768x1193.png 768w, http:\/\/www.jennymainuyen.de\/uploads\/CoverGr\u00fcn-659x1024.png 659w\" sizes=\"(max-width: 322px) 100vw, 322px\" \/><\/p>\n<p>So habe ich also viele Stunden mit meinem Freund vor dem Bildschirm verbracht. Auch wenn die Bilder nie gedruckt werden, hat es ziemlich viel Spa\u00df gemacht, sie zu entwerfen. Ich bereue nichts!<\/p>\n<p>Und dennoch: dieser Blogeintrag muss mit einem Seufzen enden.<\/p>\n<p>Seufz.<\/p>\n","protected":false},"excerpt":{"rendered":"<p>B\u00fccher soll man nie nach ihrem Deckel beurteilen, sagt ein Sprichwort. Aber soll man Deckel beurteilen? Ja, bis aufs Blut! &#8220;Heartware&#8221;, mein neuer Roman, der Ende Juli 2017 erscheinen wird, ist so bedeckelt: Weil die Geschichte ein Mischmasch aus Thriller, Liebesroman und Science Fiction ist, war die Frage nach dem passenden Cover denkbar schwer. Aus rechtlichen Gr\u00fcnden darf ich euch nicht die anderen Versionen zeigen, die die Grafikagentur vorgeschlug. Nur so viel: Es waren helle Anspielungen auf eine der bekanntesten Computerhersteller der Welt, was sehr klug und originell aussah, aber im Grunde wenig mit der Geschichte zu tun hatte. (Nicht, dass die Geschichte nicht klug und originell w\u00e4re! Ich rede&#8230;<\/p>\n","protected":false},"author":2,"featured_media":0,"comment_status":"open","ping_status":"closed","sticky":false,"template":"","format":"standard","meta":[],"categories":[1],"tags":[],"_links":{"self":[{"href":"http:\/\/www.jennymainuyen.de\/index.php?rest_route=\/wp\/v2\/posts\/1232"}],"collection":[{"href":"http:\/\/www.jennymainuyen.de\/index.php?rest_route=\/wp\/v2\/posts"}],"about":[{"href":"http:\/\/www.jennymainuyen.de\/index.php?rest_route=\/wp\/v2\/types\/post"}],"author":[{"embeddable":true,"href":"http:\/\/www.jennymainuyen.de\/index.php?rest_route=\/wp\/v2\/users\/2"}],"replies":[{"embeddable":true,"href":"http:\/\/www.jennymainuyen.de\/index.php?rest_route=%2Fwp%2Fv2%2Fcomments&post=1232"}],"version-history":[{"count":23,"href":"http:\/\/www.jennymainuyen.de\/index.php?rest_route=\/wp\/v2\/posts\/1232\/revisions"}],"predecessor-version":[{"id":1265,"href":"http:\/\/www.jennymainuyen.de\/index.php?rest_route=\/wp\/v2\/posts\/1232\/revisions\/1265"}],"wp:attachment":[{"href":"http:\/\/www.jennymainuyen.de\/index.php?rest_route=%2Fwp%2Fv2%2Fmedia&parent=1232"}],"wp:term":[{"taxonomy":"category","embeddable":true,"href":"http:\/\/www.jennymainuyen.de\/index.php?rest_route=%2Fwp%2Fv2%2Fcategories&post=1232"},{"taxonomy":"post_tag","embeddable":true,"href":"http:\/\/www.jennymainuyen.de\/index.php?rest_route=%2Fwp%2Fv2%2Ftags&post=1232"}],"curies":[{"name":"wp","href":"https:\/\/api.w.org\/{rel}","templated":true}]}}