{"id":405,"date":"2013-09-10T15:45:38","date_gmt":"2013-09-10T15:45:38","guid":{"rendered":"http:\/\/www.jennymainuyen.de\/?p=405"},"modified":"2013-09-10T15:45:38","modified_gmt":"2013-09-10T15:45:38","slug":"woran-ich-gerade-schreibe","status":"publish","type":"post","link":"http:\/\/www.jennymainuyen.de\/?p=405","title":{"rendered":"Woran ich gerade schreibe"},"content":{"rendered":"<p>Es ist fast ein Jahr her, dass mein letzter Roman, &#8220;Noir&#8221; erschien. Was hat sich seitdem getan?<\/p>\n<p>Sehr viel! Abgesehen davon, dass ich im reifen Alter von 25 Jahren noch einmal angefangen habe zu studieren &#8211; und zwar Philosophie und Religionswissenschaften, hier in Berlin -, war ich nat\u00fcrlich weiterhin flei\u00dfig am Tagtr\u00e4umen und habe\u00a0manches\u00a0davon\u00a0zu Papier gebracht, wovon wiederrum manches die geheimnisumwitterte Intimit\u00e4t meiner Schublade verlassen\u00a0kann und vielleicht auch wird.<\/p>\n<p>Seit drei Monaten arbeite ich mit Feuereifer an einem neuen Roman, der mich zur\u00fcck in meine eigene Teenagerzeit entf\u00fchrt hat. Es geht um Liebe, Magie und t\u00f6dliche Gedanken &#8211; wie das in der Jugend eben so ist &#8230;<\/p>\n<p>Die Hauptfigur ist 16, so wie ich, als ich mich zum ersten Mal verliebte &#8211; und zwar in einen 15j\u00e4hrigen Jungen, der wie ich einmal w\u00f6chentlich bei einer Gruppe Comiczeichner das Zeichnen lernen wollte. Aus uns beiden ist nie\u00a0ein Paar\u00a0geworden (verdammte Sch\u00fcchternheit!), aber die Musik, die wir ausgetauscht haben, und die Stunden, die wir schweigend und zeichnend nebeneinander verbrachten, sind ein Nest f\u00fcr fast passierte\u00a0Geschichten geworden, und daraus\u00a0ist schlie\u00dflich der Roman\u00a0gewachsen, an dem ich jetzt, zehn Jahre sp\u00e4ter, schreibe.<\/p>\n<p>In den kommenden Wochen\u00a0halte ich euch \u00fcber die Entwicklung des Buches bis zu seiner Fertigstellung auf dem Laufenden. Hier sind schon einmal Skizzen von den Hauptfiguren &#8211; Canon, Jucitell Tallis und Nicki:<\/p>\n<p><a href=\"http:\/\/www.jennymainuyen.de\/uploads\/Canon-1.jpg\"><img loading=\"lazy\" class=\"alignnone size-large wp-image-407\" alt=\"Canon 1\" src=\"http:\/\/www.jennymainuyen.de\/uploads\/Canon-1-932x1024.jpg\" width=\"265\" height=\"280\" \/><\/a>\u00a0\u00a0\u00a0\u00a0\u00a0\u00a0\u00a0\u00a0\u00a0\u00a0\u00a0\u00a0\u00a0\u00a0\u00a0\u00a0\u00a0\u00a0\u00a0\u00a0\u00a0\u00a0\u00a0\u00a0 <a href=\"http:\/\/www.jennymainuyen.de\/uploads\/Nicki-und-Tallis1.jpg\"><img loading=\"lazy\" class=\"alignnone size-large wp-image-408\" alt=\"Nicki und Tallis1\" src=\"http:\/\/www.jennymainuyen.de\/uploads\/Nicki-und-Tallis1-656x1024.jpg\" width=\"180\" height=\"274\" \/><\/a><\/p>\n<p>&nbsp;<\/p>\n","protected":false},"excerpt":{"rendered":"<p>Es ist fast ein Jahr her, dass mein letzter Roman, &#8220;Noir&#8221; erschien. Was hat sich seitdem getan? Sehr viel! Abgesehen davon, dass ich im reifen Alter von 25 Jahren noch einmal angefangen habe zu studieren &#8211; und zwar Philosophie und Religionswissenschaften, hier in Berlin -, war ich nat\u00fcrlich weiterhin flei\u00dfig am Tagtr\u00e4umen und habe\u00a0manches\u00a0davon\u00a0zu Papier gebracht, wovon wiederrum manches die geheimnisumwitterte Intimit\u00e4t meiner Schublade verlassen\u00a0kann und vielleicht auch wird. Seit drei Monaten arbeite ich mit Feuereifer an einem neuen Roman, der mich zur\u00fcck in meine eigene Teenagerzeit entf\u00fchrt hat. Es geht um Liebe, Magie und t\u00f6dliche Gedanken &#8211; wie das in der Jugend eben so ist &#8230; Die Hauptfigur ist&#8230;<\/p>\n","protected":false},"author":2,"featured_media":0,"comment_status":"open","ping_status":"closed","sticky":false,"template":"","format":"standard","meta":[],"categories":[1],"tags":[],"_links":{"self":[{"href":"http:\/\/www.jennymainuyen.de\/index.php?rest_route=\/wp\/v2\/posts\/405"}],"collection":[{"href":"http:\/\/www.jennymainuyen.de\/index.php?rest_route=\/wp\/v2\/posts"}],"about":[{"href":"http:\/\/www.jennymainuyen.de\/index.php?rest_route=\/wp\/v2\/types\/post"}],"author":[{"embeddable":true,"href":"http:\/\/www.jennymainuyen.de\/index.php?rest_route=\/wp\/v2\/users\/2"}],"replies":[{"embeddable":true,"href":"http:\/\/www.jennymainuyen.de\/index.php?rest_route=%2Fwp%2Fv2%2Fcomments&post=405"}],"version-history":[{"count":3,"href":"http:\/\/www.jennymainuyen.de\/index.php?rest_route=\/wp\/v2\/posts\/405\/revisions"}],"predecessor-version":[{"id":410,"href":"http:\/\/www.jennymainuyen.de\/index.php?rest_route=\/wp\/v2\/posts\/405\/revisions\/410"}],"wp:attachment":[{"href":"http:\/\/www.jennymainuyen.de\/index.php?rest_route=%2Fwp%2Fv2%2Fmedia&parent=405"}],"wp:term":[{"taxonomy":"category","embeddable":true,"href":"http:\/\/www.jennymainuyen.de\/index.php?rest_route=%2Fwp%2Fv2%2Fcategories&post=405"},{"taxonomy":"post_tag","embeddable":true,"href":"http:\/\/www.jennymainuyen.de\/index.php?rest_route=%2Fwp%2Fv2%2Ftags&post=405"}],"curies":[{"name":"wp","href":"https:\/\/api.w.org\/{rel}","templated":true}]}}