{"id":964,"date":"2015-02-08T11:13:32","date_gmt":"2015-02-08T10:13:32","guid":{"rendered":"http:\/\/www.jennymainuyen.de\/?p=964"},"modified":"2015-02-13T17:23:13","modified_gmt":"2015-02-13T16:23:13","slug":"non-riesengalerie","status":"publish","type":"post","link":"http:\/\/www.jennymainuyen.de\/?p=964","title":{"rendered":"NoN Riesengalerie"},"content":{"rendered":"<p>Guten Morgen, allerseits!<\/p>\n<p>Heute muss ich mich ein bisschen sputen, denn gleich findet die Zeichenstunde in der Ringbahn statt. Bin schon gespannt, die Teilnehmer zu treffen!<\/p>\n<p>Da der Tag also ohnehin im Zeichen der Kunst steht, gibt es\u00a0heute eine Riesengalerie zu NoN &#8211; mit s\u00e4mtlichen Zeichnungen, die rund um die Geschichte entstanden. Es sind\u00a0auch Szenen zu sehen, die im Rahmen der Testlese-Aktion noch nicht auftauchten. Wie immer gilt: Wenn ihr noch Zeichnungen zu NoN habt, schickt sie mir auf Facebook oder an post@jennymainuyen.de, damit ich sie hier in die Galerie mit aufnehmen kann.<\/p>\n<p>&nbsp;<\/p>\n<p><!--more--><\/p>\n<p style=\"text-align: center;\">Zum Vergr\u00f6\u00dfern k\u00f6nnt ihr die Bilder anklicken. Anfangen m\u00f6chte ich mit diesen Skizzen, weil sie die ersten \u00fcberhaupt waren &#8211; aus der Planungsphase des Romans:<\/p>\n<p><a href=\"http:\/\/www.jennymainuyen.de\/uploads\/Canon-1.jpg\"><img loading=\"lazy\" class=\"alignnone size-medium wp-image-407\" src=\"http:\/\/www.jennymainuyen.de\/uploads\/Canon-1-455x500.jpg\" alt=\"Canon 1\" width=\"455\" height=\"500\" srcset=\"http:\/\/www.jennymainuyen.de\/uploads\/Canon-1-455x500.jpg 455w, http:\/\/www.jennymainuyen.de\/uploads\/Canon-1-932x1024.jpg 932w, http:\/\/www.jennymainuyen.de\/uploads\/Canon-1-50x55.jpg 50w\" sizes=\"(max-width: 455px) 100vw, 455px\" \/><\/a><a href=\"http:\/\/www.jennymainuyen.de\/uploads\/Nicki-und-Tallis1.jpg\"><img loading=\"lazy\" class=\"alignnone size-medium wp-image-408 alignleft\" src=\"http:\/\/www.jennymainuyen.de\/uploads\/Nicki-und-Tallis1-320x500.jpg\" alt=\"Nicki und Tallis1\" width=\"320\" height=\"500\" srcset=\"http:\/\/www.jennymainuyen.de\/uploads\/Nicki-und-Tallis1-320x500.jpg 320w, http:\/\/www.jennymainuyen.de\/uploads\/Nicki-und-Tallis1-656x1024.jpg 656w, http:\/\/www.jennymainuyen.de\/uploads\/Nicki-und-Tallis1-35x55.jpg 35w, http:\/\/www.jennymainuyen.de\/uploads\/Nicki-und-Tallis1.jpg 1885w\" sizes=\"(max-width: 320px) 100vw, 320px\" \/><\/a><\/p>\n<p style=\"text-align: center;\">Dass Canon und Nicki sich immer zum Zeichnen in der Ringbahn treffen w\u00fcrden und dass Tallis Nicki in einen Pakt hineinlocken w\u00fcrde, stand von Anfang an fest. Von diesen beiden Situationen aus wuchs\u00a0der Rest der Geschichte weiter.<\/p>\n<p><a href=\"http:\/\/www.jennymainuyen.de\/uploads\/Figuren.jpg\"><img loading=\"lazy\" class=\"alignnone  wp-image-534\" src=\"http:\/\/www.jennymainuyen.de\/uploads\/Figuren-426x500.jpg\" alt=\"Figuren\" width=\"508\" height=\"596\" srcset=\"http:\/\/www.jennymainuyen.de\/uploads\/Figuren-426x500.jpg 426w, http:\/\/www.jennymainuyen.de\/uploads\/Figuren-873x1024.jpg 873w\" sizes=\"(max-width: 508px) 100vw, 508px\" \/><img loading=\"lazy\" class=\"alignnone  wp-image-559 alignleft\" src=\"http:\/\/www.jennymainuyen.de\/uploads\/Weltkarte-222x500.jpg\" alt=\"Weltkarte\" width=\"269\" height=\"606\" \/><\/a><\/p>\n<p style=\"text-align: center;\">Die Figurensammlung und die Weltenkarte kamen erst zum Schluss dazu, denn sowohl die Besetzung von NoN als auch die Bezeichnungen der verschiedenen Weltsegmente \u00e4nderten sich im Lauf des Schreibprozesses. Nach all den \u00c4nderungen war mir wichtig, das endg\u00fcltige Arrangement auch noch mal visuell festzuhalten.<\/p>\n<p><a href=\"http:\/\/www.jennymainuyen.de\/uploads\/Anruf.jpg\"><img loading=\"lazy\" class=\"alignnone  wp-image-598\" src=\"http:\/\/www.jennymainuyen.de\/uploads\/Anruf-203x500.jpg\" alt=\"Anruf\" width=\"276\" height=\"679\" srcset=\"http:\/\/www.jennymainuyen.de\/uploads\/Anruf-203x500.jpg 203w, http:\/\/www.jennymainuyen.de\/uploads\/Anruf-416x1024.jpg 416w\" sizes=\"(max-width: 276px) 100vw, 276px\" \/><\/a><a href=\"http:\/\/www.jennymainuyen.de\/uploads\/Frau-La-Psies-Boudoir1.jpg\"><img loading=\"lazy\" class=\"alignnone  wp-image-693\" src=\"http:\/\/www.jennymainuyen.de\/uploads\/Frau-La-Psies-Boudoir1-500x357.jpg\" alt=\"Frau La Psies Boudoir\" width=\"543\" height=\"388\" srcset=\"http:\/\/www.jennymainuyen.de\/uploads\/Frau-La-Psies-Boudoir1-500x357.jpg 500w, http:\/\/www.jennymainuyen.de\/uploads\/Frau-La-Psies-Boudoir1-1024x732.jpg 1024w\" sizes=\"(max-width: 543px) 100vw, 543px\" \/><\/a><\/p>\n<p>&nbsp;<\/p>\n<p style=\"text-align: center;\">Diese Szenen kennt ihr noch aus der Blog-Aktion. Mit Canons Anruf mitten in der Nacht ging alles los. Nicki ger\u00e4t in Frau La Psies Boudoir und begegnet dort Tallis &#8230;<\/p>\n<p><a href=\"http:\/\/www.jennymainuyen.de\/uploads\/Frau-La-Psie.jpg\"><img loading=\"lazy\" class=\"alignnone size-medium wp-image-743 aligncenter\" src=\"http:\/\/www.jennymainuyen.de\/uploads\/Frau-La-Psie-500x423.jpg\" alt=\"Frau La Psie\" width=\"500\" height=\"423\" srcset=\"http:\/\/www.jennymainuyen.de\/uploads\/Frau-La-Psie-500x423.jpg 500w, http:\/\/www.jennymainuyen.de\/uploads\/Frau-La-Psie-1024x868.jpg 1024w\" sizes=\"(max-width: 500px) 100vw, 500px\" \/><\/a><\/p>\n<p style=\"text-align: center;\">&#8230; und Tallis kl\u00e4rt sie \u00fcber die Flie\u00dfwesen auf:<\/p>\n<p><a href=\"http:\/\/www.jennymainuyen.de\/uploads\/Aufkl\u00e4rungsgespr\u00e4ch.jpg\"><img loading=\"lazy\" class=\"alignnone size-medium wp-image-761 aligncenter\" src=\"http:\/\/www.jennymainuyen.de\/uploads\/Aufkl\u00e4rungsgespr\u00e4ch-500x431.jpg\" alt=\"Aufkl\u00e4rungsgespr\u00e4ch\" width=\"500\" height=\"431\" srcset=\"http:\/\/www.jennymainuyen.de\/uploads\/Aufkl\u00e4rungsgespr\u00e4ch-500x431.jpg 500w, http:\/\/www.jennymainuyen.de\/uploads\/Aufkl\u00e4rungsgespr\u00e4ch-1024x884.jpg 1024w\" sizes=\"(max-width: 500px) 100vw, 500px\" \/><\/a><\/p>\n<p style=\"text-align: center;\">Woraufhin die beiden in die Kanzlei der Unterwelt gehen:<\/p>\n<p><a href=\"http:\/\/www.jennymainuyen.de\/uploads\/Die-Kanzlei.jpg\"><img loading=\"lazy\" class=\"  wp-image-806 aligncenter\" src=\"http:\/\/www.jennymainuyen.de\/uploads\/Die-Kanzlei-381x500.jpg\" alt=\"Die Kanzlei\" width=\"435\" height=\"571\" srcset=\"http:\/\/www.jennymainuyen.de\/uploads\/Die-Kanzlei-381x500.jpg 381w, http:\/\/www.jennymainuyen.de\/uploads\/Die-Kanzlei-781x1024.jpg 781w\" sizes=\"(max-width: 435px) 100vw, 435px\" \/><\/a><\/p>\n<p style=\"text-align: center;\">\u00a0Danach passiert alles M\u00f6gliche, wovon ihr schon gelesen habt, zum Beispiel&#8230;<\/p>\n<p><a href=\"http:\/\/www.jennymainuyen.de\/uploads\/Plattenbau.jpg\"><img loading=\"lazy\" class=\"alignnone  wp-image-871\" src=\"http:\/\/www.jennymainuyen.de\/uploads\/Plattenbau-436x500.jpg\" alt=\"Plattenbau\" width=\"312\" height=\"358\" srcset=\"http:\/\/www.jennymainuyen.de\/uploads\/Plattenbau-436x500.jpg 436w, http:\/\/www.jennymainuyen.de\/uploads\/Plattenbau-893x1024.jpg 893w\" sizes=\"(max-width: 312px) 100vw, 312px\" \/><\/a><a href=\"http:\/\/www.jennymainuyen.de\/uploads\/Nicki-U-Bahn.jpg\"><img loading=\"lazy\" class=\"alignnone size-medium wp-image-895\" src=\"http:\/\/www.jennymainuyen.de\/uploads\/Nicki-U-Bahn-500x474.jpg\" alt=\"Nicki U-Bahn\" width=\"500\" height=\"474\" srcset=\"http:\/\/www.jennymainuyen.de\/uploads\/Nicki-U-Bahn-500x474.jpg 500w, http:\/\/www.jennymainuyen.de\/uploads\/Nicki-U-Bahn-1024x971.jpg 1024w\" sizes=\"(max-width: 500px) 100vw, 500px\" \/><\/a><\/p>\n<p>&nbsp;<\/p>\n<p style=\"text-align: center;\">&#8230; lauert Tallis Nicki vor ihrer Wohnung auf. Nicki muss ihren Vater im Gef\u00e4ngnis besuchen. Und Tallis besticht mit Schwarzw\u00e4lder Kirschtorte und diversen Erscheinungsbildern:<\/p>\n<p><a href=\"http:\/\/www.jennymainuyen.de\/uploads\/H\u00fcbsch-an-der-H\u00fcfte.jpg\"><img loading=\"lazy\" class=\"alignnone  wp-image-902\" src=\"http:\/\/www.jennymainuyen.de\/uploads\/H\u00fcbsch-an-der-H\u00fcfte-464x500.jpg\" alt=\"H\u00fcbsch an der H\u00fcfte\" width=\"386\" height=\"416\" srcset=\"http:\/\/www.jennymainuyen.de\/uploads\/H\u00fcbsch-an-der-H\u00fcfte-464x500.jpg 464w, http:\/\/www.jennymainuyen.de\/uploads\/H\u00fcbsch-an-der-H\u00fcfte-950x1024.jpg 950w\" sizes=\"(max-width: 386px) 100vw, 386px\" \/><\/a><a href=\"http:\/\/www.jennymainuyen.de\/uploads\/Auf-dem-Spielplatz.jpg\"><img loading=\"lazy\" class=\"alignnone  wp-image-903\" src=\"http:\/\/www.jennymainuyen.de\/uploads\/Auf-dem-Spielplatz-500x495.jpg\" alt=\"Auf dem Spielplatz\" width=\"425\" height=\"421\" srcset=\"http:\/\/www.jennymainuyen.de\/uploads\/Auf-dem-Spielplatz-500x495.jpg 500w, http:\/\/www.jennymainuyen.de\/uploads\/Auf-dem-Spielplatz-150x150.jpg 150w, http:\/\/www.jennymainuyen.de\/uploads\/Auf-dem-Spielplatz-1024x1015.jpg 1024w\" sizes=\"(max-width: 425px) 100vw, 425px\" \/><\/a><\/p>\n<p>&nbsp;<\/p>\n<p><a href=\"http:\/\/www.jennymainuyen.de\/uploads\/Tallis-Dom\u00e4ne-2.jpg\"><img loading=\"lazy\" class=\"alignnone  wp-image-870\" src=\"http:\/\/www.jennymainuyen.de\/uploads\/Tallis-Dom\u00e4ne-2-444x500.jpg\" alt=\"Tallis Dom\u00e4ne 2\" width=\"384\" height=\"433\" srcset=\"http:\/\/www.jennymainuyen.de\/uploads\/Tallis-Dom\u00e4ne-2-444x500.jpg 444w, http:\/\/www.jennymainuyen.de\/uploads\/Tallis-Dom\u00e4ne-2-909x1024.jpg 909w\" sizes=\"(max-width: 384px) 100vw, 384px\" \/><\/a><a href=\"http:\/\/www.jennymainuyen.de\/uploads\/Tallis-mit-Zimtschnecke.jpg\"><img loading=\"lazy\" class=\"alignnone size-medium wp-image-784\" src=\"http:\/\/www.jennymainuyen.de\/uploads\/Tallis-mit-Zimtschnecke-439x500.jpg\" alt=\"Tallis mit Zimtschnecke\" width=\"439\" height=\"500\" srcset=\"http:\/\/www.jennymainuyen.de\/uploads\/Tallis-mit-Zimtschnecke-439x500.jpg 439w, http:\/\/www.jennymainuyen.de\/uploads\/Tallis-mit-Zimtschnecke-899x1024.jpg 899w\" sizes=\"(max-width: 439px) 100vw, 439px\" \/><\/a><\/p>\n<p style=\"text-align: center;\">W\u00e4hrend ich an NoN schrieb, kaufte ich mir einen richtig tollen Pinsel-Tusche-Stift, der statt Filz eben eine Pinselspitze hat. In meiner Begeisterung f\u00fcr den Stift entstand eine Reihe Zeichnungen, von denen viele schon in der Testlese-Aktion zu sehen waren. Hier nochmal versammelt:<\/p>\n<p><a href=\"http:\/\/www.jennymainuyen.de\/uploads\/S-Bahn-Neuk\u00f6lln.jpg\"><img loading=\"lazy\" class=\"alignnone  wp-image-603\" src=\"http:\/\/www.jennymainuyen.de\/uploads\/S-Bahn-Neuk\u00f6lln-332x500.jpg\" alt=\"S-Bahn Neuk\u00f6lln\" width=\"425\" height=\"640\" srcset=\"http:\/\/www.jennymainuyen.de\/uploads\/S-Bahn-Neuk\u00f6lln-332x500.jpg 332w, http:\/\/www.jennymainuyen.de\/uploads\/S-Bahn-Neuk\u00f6lln-681x1024.jpg 681w\" sizes=\"(max-width: 425px) 100vw, 425px\" \/><\/a><a href=\"http:\/\/www.jennymainuyen.de\/uploads\/Im-Bad.jpg\"><img loading=\"lazy\" class=\"alignnone  wp-image-631\" src=\"http:\/\/www.jennymainuyen.de\/uploads\/Im-Bad-275x500.jpg\" alt=\"Im Bad\" width=\"367\" height=\"667\" srcset=\"http:\/\/www.jennymainuyen.de\/uploads\/Im-Bad-275x500.jpg 275w, http:\/\/www.jennymainuyen.de\/uploads\/Im-Bad-564x1024.jpg 564w\" sizes=\"(max-width: 367px) 100vw, 367px\" \/><\/a><\/p>\n<p>&nbsp;<\/p>\n<p style=\"text-align: center;\">Nicki wartet vergeblich an der S-Bahnstation Neuk\u00f6lln auf Canon. Danach bricht sie in seine Wohnung ein und findet blutige Kleidung im Badezimmer.<\/p>\n<p><a href=\"http:\/\/www.jennymainuyen.de\/uploads\/Selbstportrait.jpg\"><img loading=\"lazy\" class=\"alignnone size-medium wp-image-632 aligncenter\" src=\"http:\/\/www.jennymainuyen.de\/uploads\/Selbstportrait-414x500.jpg\" alt=\"Selbstportrait\" width=\"414\" height=\"500\" srcset=\"http:\/\/www.jennymainuyen.de\/uploads\/Selbstportrait-414x500.jpg 414w, http:\/\/www.jennymainuyen.de\/uploads\/Selbstportrait-849x1024.jpg 849w\" sizes=\"(max-width: 414px) 100vw, 414px\" \/><\/a><\/p>\n<p style=\"text-align: center;\">Canons Wohnung ist voller Zeichnungen, unter anderen findet Nicki dieses unheimliche Selbstportrait.<\/p>\n<p><img loading=\"lazy\" class=\"alignnone  wp-image-655 aligncenter\" src=\"http:\/\/www.jennymainuyen.de\/uploads\/Warkonia-500x312.jpg\" alt=\"Warkonia\" width=\"590\" height=\"368\" srcset=\"http:\/\/www.jennymainuyen.de\/uploads\/Warkonia-500x312.jpg 500w, http:\/\/www.jennymainuyen.de\/uploads\/Warkonia-1024x639.jpg 1024w\" sizes=\"(max-width: 590px) 100vw, 590px\" \/><\/p>\n<p style=\"text-align: center;\">Bei der weiteren Suche begegnet Nicki der Traumdeuterin Isabel Arouk im Hotel Warkonia.<\/p>\n<p><a href=\"http:\/\/www.jennymainuyen.de\/uploads\/Im-Flug.jpg\"><img loading=\"lazy\" class=\"alignnone  wp-image-760\" src=\"http:\/\/www.jennymainuyen.de\/uploads\/Im-Flug-500x428.jpg\" alt=\"Im Flug\" width=\"445\" height=\"381\" srcset=\"http:\/\/www.jennymainuyen.de\/uploads\/Im-Flug-500x428.jpg 500w, http:\/\/www.jennymainuyen.de\/uploads\/Im-Flug-1024x877.jpg 1024w\" sizes=\"(max-width: 445px) 100vw, 445px\" \/><\/a><a href=\"http:\/\/www.jennymainuyen.de\/uploads\/Es-Schweben-nennen.jpg\"><img loading=\"lazy\" class=\"alignnone  wp-image-759\" src=\"http:\/\/www.jennymainuyen.de\/uploads\/Es-Schweben-nennen-387x500.jpg\" alt=\"Es Schweben nennen\" width=\"343\" height=\"443\" srcset=\"http:\/\/www.jennymainuyen.de\/uploads\/Es-Schweben-nennen-387x500.jpg 387w, http:\/\/www.jennymainuyen.de\/uploads\/Es-Schweben-nennen-793x1024.jpg 793w\" sizes=\"(max-width: 343px) 100vw, 343px\" \/><\/a><\/p>\n<p style=\"text-align: center;\">Mit Tallis segelt sie durch die Nacht und ist anschlie\u00dfend ziemlich traumatisiert.<\/p>\n<p><a href=\"http:\/\/www.jennymainuyen.de\/uploads\/Jucitell-Tallis.jpg\"><img loading=\"lazy\" class=\"alignnone  wp-image-762\" src=\"http:\/\/www.jennymainuyen.de\/uploads\/Jucitell-Tallis-500x467.jpg\" alt=\"Jucitell Tallis\" width=\"396\" height=\"370\" srcset=\"http:\/\/www.jennymainuyen.de\/uploads\/Jucitell-Tallis-500x467.jpg 500w, http:\/\/www.jennymainuyen.de\/uploads\/Jucitell-Tallis-1024x958.jpg 1024w\" sizes=\"(max-width: 396px) 100vw, 396px\" \/><\/a><a href=\"http:\/\/www.jennymainuyen.de\/uploads\/In-der-Kanzlei.jpg\"><img loading=\"lazy\" class=\"alignnone size-medium wp-image-805\" src=\"http:\/\/www.jennymainuyen.de\/uploads\/In-der-Kanzlei-408x500.jpg\" alt=\"In der Kanzlei\" width=\"408\" height=\"500\" srcset=\"http:\/\/www.jennymainuyen.de\/uploads\/In-der-Kanzlei-408x500.jpg 408w, http:\/\/www.jennymainuyen.de\/uploads\/In-der-Kanzlei-835x1024.jpg 835w\" sizes=\"(max-width: 408px) 100vw, 408px\" \/><\/a><\/p>\n<p style=\"text-align: center;\">Aber Tallis besticht durch seinen ganz eigenen Charme und f\u00fchrt sie in die Kanzlei der Unterwelt.<\/p>\n<p><a href=\"http:\/\/www.jennymainuyen.de\/uploads\/Opium-rauchen.jpg\"><img loading=\"lazy\" class=\"alignnone size-medium wp-image-933 aligncenter\" src=\"http:\/\/www.jennymainuyen.de\/uploads\/Opium-rauchen-469x500.jpg\" alt=\"Opium rauchen\" width=\"469\" height=\"500\" srcset=\"http:\/\/www.jennymainuyen.de\/uploads\/Opium-rauchen-469x500.jpg 469w, http:\/\/www.jennymainuyen.de\/uploads\/Opium-rauchen-961x1024.jpg 961w\" sizes=\"(max-width: 469px) 100vw, 469px\" \/><\/a><\/p>\n<p style=\"text-align: center;\">Tallis l\u00e4sst es sich am Ende des ersten Teils noch einmal mit einer Pfeife Opium bei Frau La Psie gut gehen.<\/p>\n<p><a href=\"http:\/\/www.jennymainuyen.de\/uploads\/Warten-vor-der-Wohnung.jpg\"><img loading=\"lazy\" class=\"alignnone  wp-image-538 alignleft\" src=\"http:\/\/www.jennymainuyen.de\/uploads\/Warten-vor-der-Wohnung-471x500.jpg\" alt=\"Warten vor der Wohnung\" width=\"394\" height=\"418\" srcset=\"http:\/\/www.jennymainuyen.de\/uploads\/Warten-vor-der-Wohnung-471x500.jpg 471w, http:\/\/www.jennymainuyen.de\/uploads\/Warten-vor-der-Wohnung-966x1024.jpg 966w\" sizes=\"(max-width: 394px) 100vw, 394px\" \/><\/a><a href=\"http:\/\/www.jennymainuyen.de\/uploads\/Gretchen.jpg\"><img loading=\"lazy\" class=\"wp-image-539 alignleft\" src=\"http:\/\/www.jennymainuyen.de\/uploads\/Gretchen-320x500.jpg\" alt=\"Gretchen\" width=\"327\" height=\"511\" srcset=\"http:\/\/www.jennymainuyen.de\/uploads\/Gretchen-320x500.jpg 320w, http:\/\/www.jennymainuyen.de\/uploads\/Gretchen-655x1024.jpg 655w\" sizes=\"(max-width: 327px) 100vw, 327px\" \/><\/a><\/p>\n<p>&nbsp;<\/p>\n<p>&nbsp;<\/p>\n<p>&nbsp;<\/p>\n<p>&nbsp;<\/p>\n<p>&nbsp;<\/p>\n<p>&nbsp;<\/p>\n<p>&nbsp;<\/p>\n<p>&nbsp;<\/p>\n<p>&nbsp;<\/p>\n<p>&nbsp;<\/p>\n<p>&nbsp;<\/p>\n<p style=\"text-align: center;\">\n<p style=\"text-align: center;\">\n<p style=\"text-align: center;\">\n<p style=\"text-align: center;\">Hier zu sehen sind noch einmal Nicki beim Zeichnen und Gretchen, von der vorletzte Woche zwar nicht zu lesen war, aber immerhin zu h\u00f6ren. Zu Beginn von Teil zwei des Romans taucht sie auf (und belastet Nickis Beziehung zu Canon ein wenig, was sonst).<\/p>\n<p><a href=\"http:\/\/www.jennymainuyen.de\/uploads\/Auf-Feldern-erwachen.jpg\"><img loading=\"lazy\" class=\"alignnone size-medium wp-image-935 aligncenter\" src=\"http:\/\/www.jennymainuyen.de\/uploads\/Auf-Feldern-erwachen-480x500.jpg\" alt=\"Auf Feldern erwachen\" width=\"480\" height=\"500\" srcset=\"http:\/\/www.jennymainuyen.de\/uploads\/Auf-Feldern-erwachen-480x500.jpg 480w, http:\/\/www.jennymainuyen.de\/uploads\/Auf-Feldern-erwachen-983x1024.jpg 983w\" sizes=\"(max-width: 480px) 100vw, 480px\" \/><\/a><\/p>\n<p style=\"text-align: center;\">Zu Beginn von Teil zwei tritt auch Canon endlich richtig in Erscheinung und es kommt heraus, was ihm zustie\u00df.<\/p>\n<p><img loading=\"lazy\" class=\"alignnone size-medium wp-image-969 aligncenter\" src=\"http:\/\/www.jennymainuyen.de\/uploads\/Erwachen-im-Wasserturm-500x375.jpg\" alt=\"Erwachen im Wasserturm\" width=\"500\" height=\"375\" srcset=\"http:\/\/www.jennymainuyen.de\/uploads\/Erwachen-im-Wasserturm-500x375.jpg 500w, http:\/\/www.jennymainuyen.de\/uploads\/Erwachen-im-Wasserturm-1024x768.jpg 1024w\" sizes=\"(max-width: 500px) 100vw, 500px\" \/><\/p>\n<p style=\"text-align: center;\">Nicki lernt auch Canons Freunde kennen: Theo und Gretchen und Chips (von rechts nach links).<\/p>\n<p><a href=\"http:\/\/www.jennymainuyen.de\/uploads\/Nicki-und-Canon-Bahn2.jpg\"><img loading=\"lazy\" class=\"alignnone size-medium wp-image-839 aligncenter\" src=\"http:\/\/www.jennymainuyen.de\/uploads\/Nicki-und-Canon-Bahn2-436x500.jpg\" alt=\"Nicki und Canon Bahn2\" width=\"436\" height=\"500\" srcset=\"http:\/\/www.jennymainuyen.de\/uploads\/Nicki-und-Canon-Bahn2-436x500.jpg 436w, http:\/\/www.jennymainuyen.de\/uploads\/Nicki-und-Canon-Bahn2-893x1024.jpg 893w\" sizes=\"(max-width: 436px) 100vw, 436px\" \/><\/a><\/p>\n<p>&nbsp;<\/p>\n<p style=\"text-align: center;\">Ich hab es schon mal verraten: Nicki und Canon finden recht bald heraus, wie sie genau miteinander &#8220;befreundet&#8221; sind.<\/p>\n<p><a href=\"http:\/\/www.jennymainuyen.de\/uploads\/Im-Aufzug.jpg\"><img loading=\"lazy\" class=\"alignnone size-medium wp-image-847 aligncenter\" src=\"http:\/\/www.jennymainuyen.de\/uploads\/Im-Aufzug-494x500.jpg\" alt=\"Im Aufzug\" width=\"494\" height=\"500\" srcset=\"http:\/\/www.jennymainuyen.de\/uploads\/Im-Aufzug-494x500.jpg 494w, http:\/\/www.jennymainuyen.de\/uploads\/Im-Aufzug-1012x1024.jpg 1012w\" sizes=\"(max-width: 494px) 100vw, 494px\" \/><\/a><\/p>\n<p style=\"text-align: center;\">Aber das hat nicht nur gute Folgen. Arme Nicki!<\/p>\n<p><a href=\"http:\/\/www.jennymainuyen.de\/uploads\/Canon-zeichnen.jpg\"><img loading=\"lazy\" class=\"alignnone size-medium wp-image-896 aligncenter\" src=\"http:\/\/www.jennymainuyen.de\/uploads\/Canon-zeichnen-326x500.jpg\" alt=\"Canon zeichnen\" width=\"326\" height=\"500\" srcset=\"http:\/\/www.jennymainuyen.de\/uploads\/Canon-zeichnen-326x500.jpg 326w, http:\/\/www.jennymainuyen.de\/uploads\/Canon-zeichnen-669x1024.jpg 669w\" sizes=\"(max-width: 326px) 100vw, 326px\" \/><\/a><\/p>\n<p>&nbsp;<\/p>\n<p style=\"text-align: center;\">M\u00fcssen sich auch all ihre Erinnerungen an Canon im Lichte neuer Erkenntnisse \u00e4ndern?<\/p>\n<p><a href=\"http:\/\/www.jennymainuyen.de\/uploads\/Im-Regen.jpg\"><img loading=\"lazy\" class=\"alignnone size-medium wp-image-970 aligncenter\" src=\"http:\/\/www.jennymainuyen.de\/uploads\/Im-Regen-305x500.jpg\" alt=\"Im Regen\" width=\"305\" height=\"500\" srcset=\"http:\/\/www.jennymainuyen.de\/uploads\/Im-Regen-305x500.jpg 305w, http:\/\/www.jennymainuyen.de\/uploads\/Im-Regen-625x1024.jpg 625w\" sizes=\"(max-width: 305px) 100vw, 305px\" \/><\/a><\/p>\n<p style=\"text-align: center;\">Immerhin kann kein Zweifel daran bestehen, dass es besser ist, die Wahrheit \u00fcber einen geliebten Menschen zu erfahren, als immer im Dunklen zu tappen.<\/p>\n<p><a href=\"http:\/\/www.jennymainuyen.de\/uploads\/Auf-dem-Friedhof.jpg\"><img loading=\"lazy\" class=\"alignnone size-medium wp-image-971 aligncenter\" src=\"http:\/\/www.jennymainuyen.de\/uploads\/Auf-dem-Friedhof-500x464.jpg\" alt=\"Auf dem Friedhof\" width=\"500\" height=\"464\" srcset=\"http:\/\/www.jennymainuyen.de\/uploads\/Auf-dem-Friedhof-500x464.jpg 500w, http:\/\/www.jennymainuyen.de\/uploads\/Auf-dem-Friedhof-1024x951.jpg 1024w\" sizes=\"(max-width: 500px) 100vw, 500px\" \/><\/a><\/p>\n<p style=\"text-align: center;\">Hier zu sehen sind Nicki, Chips und ein Flie\u00dfwesen namens Nahovizer auf einem Friedhof. Um Canon zu helfen, bekommt Nicki ein Angebot. Daf\u00fcr muss sie aber leider auch mit Leuten kooperieren, die es nicht gerade einfach machen&#8230;<\/p>\n<p>&nbsp;<\/p>\n<p><a href=\"http:\/\/www.jennymainuyen.de\/uploads\/Bibliothek.jpg\"><img loading=\"lazy\" class=\"alignnone size-medium wp-image-848 aligncenter\" src=\"http:\/\/www.jennymainuyen.de\/uploads\/Bibliothek-500x347.jpg\" alt=\"Bibliothek\" width=\"500\" height=\"347\" srcset=\"http:\/\/www.jennymainuyen.de\/uploads\/Bibliothek-500x347.jpg 500w, http:\/\/www.jennymainuyen.de\/uploads\/Bibliothek-1024x711.jpg 1024w\" sizes=\"(max-width: 500px) 100vw, 500px\" \/><\/a><\/p>\n<p style=\"text-align: center;\">Wie Nicki Canon helfen kann, hat auch mit Recherche in der Bibliothek zu tun.<\/p>\n<p><a href=\"http:\/\/www.jennymainuyen.de\/uploads\/Theo.jpg\"><img loading=\"lazy\" class=\"alignnone  wp-image-972 aligncenter\" src=\"http:\/\/www.jennymainuyen.de\/uploads\/Theo-361x500.jpg\" alt=\"Theo\" width=\"523\" height=\"724\" \/><\/a><\/p>\n<p>&nbsp;<\/p>\n<p style=\"text-align: center;\">W\u00e4hrenddessen passieren noch allerlei andere Dinge zwischen den Nebenfiguren. Aber nur am Rande.<\/p>\n<p><a href=\"http:\/\/www.jennymainuyen.de\/uploads\/Unwelt1.jpg\"><img loading=\"lazy\" class=\"alignnone size-medium wp-image-973 aligncenter\" src=\"http:\/\/www.jennymainuyen.de\/uploads\/Unwelt1-500x397.jpg\" alt=\"Unwelt\" width=\"500\" height=\"397\" srcset=\"http:\/\/www.jennymainuyen.de\/uploads\/Unwelt1-500x397.jpg 500w, http:\/\/www.jennymainuyen.de\/uploads\/Unwelt1-1024x812.jpg 1024w\" sizes=\"(max-width: 500px) 100vw, 500px\" \/><\/a><\/p>\n<p style=\"text-align: center;\">Hier zu sehen sind Nicki, Theo und Gretchen in der Unwelt.<\/p>\n<p style=\"text-align: center;\">\n<p style=\"text-align: center;\">Achtung, ab hier kommen noch ein paar Zusatzbilder! Die habe ich im Chaos meiner Skizzenbl\u00f6cke und -b\u00fccher noch entdeckt. Sind zwar keine Meisterwerke, aber ich hab ja versprochen, euch bei NoN nicht nur die Kirschen auf der Sahne zu zervieren, sondern auch die T\u00f6pfe mit den Teigresten.<\/p>\n<p style=\"text-align: center;\"><a href=\"http:\/\/www.jennymainuyen.de\/uploads\/Rolltreppen.jpg\"><img loading=\"lazy\" class=\"alignnone size-medium wp-image-1004\" src=\"http:\/\/www.jennymainuyen.de\/uploads\/Rolltreppen-385x500.jpg\" alt=\"Rolltreppen\" width=\"385\" height=\"500\" srcset=\"http:\/\/www.jennymainuyen.de\/uploads\/Rolltreppen-385x500.jpg 385w, http:\/\/www.jennymainuyen.de\/uploads\/Rolltreppen-789x1024.jpg 789w\" sizes=\"(max-width: 385px) 100vw, 385px\" \/><\/a><\/p>\n<p style=\"text-align: center;\">\n<p style=\"text-align: center;\">Hier zu sehen sind Nicki und Tallis auf den &#8211; im wahrsten Sinne des Wortes &#8211; ver-r\u00fcckten Rolltreppen der Kanzlei.<\/p>\n<p style=\"text-align: center;\"><a href=\"http:\/\/www.jennymainuyen.de\/uploads\/Tallis-und-Frau-La-Psie.jpg\"><img loading=\"lazy\" class=\"alignnone  wp-image-1005\" src=\"http:\/\/www.jennymainuyen.de\/uploads\/Tallis-und-Frau-La-Psie-500x341.jpg\" alt=\"Tallis und Frau La Psie\" width=\"543\" height=\"370\" srcset=\"http:\/\/www.jennymainuyen.de\/uploads\/Tallis-und-Frau-La-Psie-500x341.jpg 500w, http:\/\/www.jennymainuyen.de\/uploads\/Tallis-und-Frau-La-Psie-1024x698.jpg 1024w\" sizes=\"(max-width: 543px) 100vw, 543px\" \/><\/a><\/p>\n<p style=\"text-align: center;\">Diese Zeichnung zeigt Tallis und Frau La Psie, aber letztlich bin ich nicht zufrieden mit der Perspektive. Die beiden liegen so im Nichts rum ^^<\/p>\n<p style=\"text-align: center;\"><a href=\"http:\/\/www.jennymainuyen.de\/uploads\/erste-Skizze-Tallis.jpg\"><img loading=\"lazy\" class=\"alignnone size-medium wp-image-1006\" src=\"http:\/\/www.jennymainuyen.de\/uploads\/erste-Skizze-Tallis-500x337.jpg\" alt=\"erste Skizze Tallis\" width=\"500\" height=\"337\" srcset=\"http:\/\/www.jennymainuyen.de\/uploads\/erste-Skizze-Tallis-500x337.jpg 500w, http:\/\/www.jennymainuyen.de\/uploads\/erste-Skizze-Tallis-1024x690.jpg 1024w, http:\/\/www.jennymainuyen.de\/uploads\/erste-Skizze-Tallis.jpg 1699w\" sizes=\"(max-width: 500px) 100vw, 500px\" \/><\/a><a href=\"http:\/\/www.jennymainuyen.de\/uploads\/Nickis-erstes-Erscheinen.jpg\"><img loading=\"lazy\" class=\"alignnone size-medium wp-image-1007\" src=\"http:\/\/www.jennymainuyen.de\/uploads\/Nickis-erstes-Erscheinen-165x500.jpg\" alt=\"Nickis erstes Erscheinen\" width=\"165\" height=\"500\" srcset=\"http:\/\/www.jennymainuyen.de\/uploads\/Nickis-erstes-Erscheinen-165x500.jpg 165w, http:\/\/www.jennymainuyen.de\/uploads\/Nickis-erstes-Erscheinen-338x1024.jpg 338w, http:\/\/www.jennymainuyen.de\/uploads\/Nickis-erstes-Erscheinen.jpg 596w\" sizes=\"(max-width: 165px) 100vw, 165px\" \/><\/a><\/p>\n<p style=\"text-align: center;\">Das hier waren die allerersten Zeichnungen von Tallis und Nicki.<\/p>\n<p style=\"text-align: center;\"><a href=\"http:\/\/www.jennymainuyen.de\/uploads\/Gretchen-und-Duroya.jpg\"><img loading=\"lazy\" class=\"alignnone size-medium wp-image-1008\" src=\"http:\/\/www.jennymainuyen.de\/uploads\/Gretchen-und-Duroya-322x500.jpg\" alt=\"Gretchen und Duroya\" width=\"322\" height=\"500\" srcset=\"http:\/\/www.jennymainuyen.de\/uploads\/Gretchen-und-Duroya-322x500.jpg 322w, http:\/\/www.jennymainuyen.de\/uploads\/Gretchen-und-Duroya-659x1024.jpg 659w\" sizes=\"(max-width: 322px) 100vw, 322px\" \/><\/a><\/p>\n<p style=\"text-align: center;\">Hier ist Gretchen mit ihrem Vater, aber weil ich mit dem Hintergrund, der Lichtsituation und den\u00a0Posen\u00a0ungl\u00fccklich bin, wollte ich die Skizze erst nicht zeigen. Na ja, jetzt wisst ihr, dass bei mir auch nicht alles glatt aus der Feder flie\u00dft.<\/p>\n<p style=\"text-align: center;\">Und jetzt noch ein wirklich seltsamer Zufall: Folgende Bilder hat mir MARLENE geschickt, die ich wirklich sehr gelungen und atmosph\u00e4risch finde. Ihre Zeichnung von Gretchen &#8220;\u00dcberall nur Finsternis&#8221; \u00e4hnelt einer meiner Skizzen, die bis dato niemand gesehen hat. Ich stelle die Bilder nebeneinander:<\/p>\n<p style=\"text-align: center;\"><a href=\"http:\/\/www.jennymainuyen.de\/uploads\/Gretchen-im-Bett.jpg\"><img loading=\"lazy\" class=\"alignnone size-medium wp-image-1009\" src=\"http:\/\/www.jennymainuyen.de\/uploads\/Gretchen-im-Bett-351x500.jpg\" alt=\"Gretchen im Bett\" width=\"351\" height=\"500\" srcset=\"http:\/\/www.jennymainuyen.de\/uploads\/Gretchen-im-Bett-351x500.jpg 351w, http:\/\/www.jennymainuyen.de\/uploads\/Gretchen-im-Bett-719x1024.jpg 719w, http:\/\/www.jennymainuyen.de\/uploads\/Gretchen-im-Bett.jpg 1743w\" sizes=\"(max-width: 351px) 100vw, 351px\" \/><\/a><a href=\"http:\/\/www.jennymainuyen.de\/uploads\/DSC05150.jpg\"><img loading=\"lazy\" class=\"alignnone size-medium wp-image-1010\" src=\"http:\/\/www.jennymainuyen.de\/uploads\/DSC05150-375x500.jpg\" alt=\"DSC05150\" width=\"375\" height=\"500\" srcset=\"http:\/\/www.jennymainuyen.de\/uploads\/DSC05150-375x500.jpg 375w, http:\/\/www.jennymainuyen.de\/uploads\/DSC05150-768x1024.jpg 768w\" sizes=\"(max-width: 375px) 100vw, 375px\" \/><\/a><\/p>\n<p style=\"text-align: center;\">Es ist dasselbe Motiv, und wir haben uns nicht abgesprochen! Verr\u00fcckt.<\/p>\n<p style=\"text-align: center;\">Hier ist noch &#8220;Was w\u00e4re, wenn sie ihn einfach verga\u00df?&#8221; mit Nicki auf dem K\u00fcchenfu\u00dfboden, gezeichnet von MARLENE:<\/p>\n<p style=\"text-align: center;\"><a href=\"http:\/\/www.jennymainuyen.de\/uploads\/DSC05146.jpg\"><img loading=\"lazy\" class=\"alignnone size-medium wp-image-1011\" src=\"http:\/\/www.jennymainuyen.de\/uploads\/DSC05146-375x500.jpg\" alt=\"DSC05146\" width=\"375\" height=\"500\" srcset=\"http:\/\/www.jennymainuyen.de\/uploads\/DSC05146-375x500.jpg 375w, http:\/\/www.jennymainuyen.de\/uploads\/DSC05146-768x1024.jpg 768w\" sizes=\"(max-width: 375px) 100vw, 375px\" \/><\/a><\/p>\n<p style=\"text-align: center;\">Toll, die Perspektive, oder? :D \u00a0Wenn ihr auch noch Zeichnungen zu NoN anfertigt, teilt sie bitte mit den anderen! Damit meine ich: mit mir!<\/p>\n<p style=\"text-align: center;\">\n","protected":false},"excerpt":{"rendered":"<p>Guten Morgen, allerseits! Heute muss ich mich ein bisschen sputen, denn gleich findet die Zeichenstunde in der Ringbahn statt. Bin schon gespannt, die Teilnehmer zu treffen! Da der Tag also ohnehin im Zeichen der Kunst steht, gibt es\u00a0heute eine Riesengalerie zu NoN &#8211; mit s\u00e4mtlichen Zeichnungen, die rund um die Geschichte entstanden. Es sind\u00a0auch Szenen zu sehen, die im Rahmen der Testlese-Aktion noch nicht auftauchten. Wie immer gilt: Wenn ihr noch Zeichnungen zu NoN habt, schickt sie mir auf Facebook oder an post@jennymainuyen.de, damit ich sie hier in die Galerie mit aufnehmen kann. &nbsp;<\/p>\n","protected":false},"author":2,"featured_media":0,"comment_status":"open","ping_status":"closed","sticky":false,"template":"","format":"standard","meta":[],"categories":[7],"tags":[],"_links":{"self":[{"href":"http:\/\/www.jennymainuyen.de\/index.php?rest_route=\/wp\/v2\/posts\/964"}],"collection":[{"href":"http:\/\/www.jennymainuyen.de\/index.php?rest_route=\/wp\/v2\/posts"}],"about":[{"href":"http:\/\/www.jennymainuyen.de\/index.php?rest_route=\/wp\/v2\/types\/post"}],"author":[{"embeddable":true,"href":"http:\/\/www.jennymainuyen.de\/index.php?rest_route=\/wp\/v2\/users\/2"}],"replies":[{"embeddable":true,"href":"http:\/\/www.jennymainuyen.de\/index.php?rest_route=%2Fwp%2Fv2%2Fcomments&post=964"}],"version-history":[{"count":12,"href":"http:\/\/www.jennymainuyen.de\/index.php?rest_route=\/wp\/v2\/posts\/964\/revisions"}],"predecessor-version":[{"id":1012,"href":"http:\/\/www.jennymainuyen.de\/index.php?rest_route=\/wp\/v2\/posts\/964\/revisions\/1012"}],"wp:attachment":[{"href":"http:\/\/www.jennymainuyen.de\/index.php?rest_route=%2Fwp%2Fv2%2Fmedia&parent=964"}],"wp:term":[{"taxonomy":"category","embeddable":true,"href":"http:\/\/www.jennymainuyen.de\/index.php?rest_route=%2Fwp%2Fv2%2Fcategories&post=964"},{"taxonomy":"post_tag","embeddable":true,"href":"http:\/\/www.jennymainuyen.de\/index.php?rest_route=%2Fwp%2Fv2%2Ftags&post=964"}],"curies":[{"name":"wp","href":"https:\/\/api.w.org\/{rel}","templated":true}]}}